{"id":1,"date":"2023-03-07T10:24:33","date_gmt":"2023-03-07T10:24:33","guid":{"rendered":"https:\/\/www.adaviac.cat\/?p=1"},"modified":"2023-03-07T10:24:33","modified_gmt":"2023-03-07T10:24:33","slug":"hola-mundo","status":"publish","type":"post","link":"https:\/\/www.adaviac.cat\/es\/hola-mundo\/","title":{"rendered":"\u00a1Hola, mundo!"},"content":{"rendered":"<p>Te damos la bienvenida a WordPress. Esta es tu primera entrada. Ed\u00edtala o b\u00f3rrala, \u00a1luego empieza a escribir!<\/p>","protected":false},"excerpt":{"rendered":"<p>Te damos la bienvenida a WordPress. Esta es tu primera entrada. Ed\u00edtala o b\u00f3rrala, \u00a1luego empieza a escribir!<\/p>","protected":false},"author":1,"featured_media":0,"comment_status":"open","ping_status":"open","sticky":false,"template":"","format":"standard","meta":{"footnotes":""},"categories":[1],"tags":[],"class_list":["post-1","post","type-post","status-publish","format-standard","hentry","category-varis-advocats-de-catalunya"],"yoast_head":"<!-- This site is optimized with the Yoast SEO plugin v27.1.1 - https:\/\/yoast.com\/product\/yoast-seo-wordpress\/ -->\n<title>\u00a1Hola, mundo! - Associaci\u00f3 d&#039;Advocats de V\u00edctimes de Catalunya<\/title>\n<meta name=\"robots\" content=\"index, follow, max-snippet:-1, max-image-preview:large, max-video-preview:-1\" \/>\n<link rel=\"canonical\" href=\"https:\/\/www.adaviac.cat\/es\/hola-mundo\/\" \/>\n<meta property=\"og:locale\" content=\"es_ES\" \/>\n<meta property=\"og:type\" content=\"article\" \/>\n<meta property=\"og:title\" content=\"\u00a1Hola, mundo! - Associaci\u00f3 d&#039;Advocats de V\u00edctimes de Catalunya\" \/>\n<meta property=\"og:description\" content=\"Te damos la bienvenida a WordPress. Esta es tu primera entrada. Ed\u00edtala o b\u00f3rrala, \u00a1luego empieza a escribir!\" \/>\n<meta property=\"og:url\" content=\"https:\/\/www.adaviac.cat\/es\/hola-mundo\/\" \/>\n<meta property=\"og:site_name\" content=\"Associaci\u00f3 d&#039;Advocats de V\u00edctimes de Catalunya\" \/>\n<meta property=\"article:published_time\" content=\"2023-03-07T10:24:33+00:00\" \/>\n<meta name=\"author\" content=\"ADAVIAC\" \/>\n<meta name=\"twitter:card\" content=\"summary_large_image\" \/>\n<meta name=\"twitter:label1\" content=\"Escrito por\" \/>\n\t<meta name=\"twitter:data1\" content=\"ADAVIAC\" \/>\n<script type=\"application\/ld+json\" class=\"yoast-schema-graph\">{\"@context\":\"https:\/\/schema.org\",\"@graph\":[{\"@type\":\"Article\",\"@id\":\"https:\/\/www.adaviac.cat\/hola-mundo\/#article\",\"isPartOf\":{\"@id\":\"https:\/\/www.adaviac.cat\/hola-mundo\/\"},\"author\":{\"name\":\"ADAVIAC\",\"@id\":\"https:\/\/www.adaviac.cat\/#\/schema\/person\/c1c0e891e9975fccdc308595e6e23120\"},\"headline\":\"\u00a1Hola, mundo!\",\"datePublished\":\"2023-03-07T10:24:33+00:00\",\"mainEntityOfPage\":{\"@id\":\"https:\/\/www.adaviac.cat\/hola-mundo\/\"},\"wordCount\":22,\"commentCount\":0,\"publisher\":{\"@id\":\"https:\/\/www.adaviac.cat\/#organization\"},\"articleSection\":[\"Varis Advocats de Catalunya\"],\"inLanguage\":\"es\",\"potentialAction\":[{\"@type\":\"CommentAction\",\"name\":\"Comment\",\"target\":[\"https:\/\/www.adaviac.cat\/hola-mundo\/#respond\"]}]},{\"@type\":\"WebPage\",\"@id\":\"https:\/\/www.adaviac.cat\/hola-mundo\/\",\"url\":\"https:\/\/www.adaviac.cat\/hola-mundo\/\",\"name\":\"\u00a1Hola, mundo! - Associaci\u00f3 d&#039;Advocats de V\u00edctimes de Catalunya\",\"isPartOf\":{\"@id\":\"https:\/\/www.adaviac.cat\/#website\"},\"datePublished\":\"2023-03-07T10:24:33+00:00\",\"breadcrumb\":{\"@id\":\"https:\/\/www.adaviac.cat\/hola-mundo\/#breadcrumb\"},\"inLanguage\":\"es\",\"potentialAction\":[{\"@type\":\"ReadAction\",\"target\":[\"https:\/\/www.adaviac.cat\/hola-mundo\/\"]}]},{\"@type\":\"BreadcrumbList\",\"@id\":\"https:\/\/www.adaviac.cat\/hola-mundo\/#breadcrumb\",\"itemListElement\":[{\"@type\":\"ListItem\",\"position\":1,\"name\":\"Portada\",\"item\":\"https:\/\/www.adaviac.cat\/\"},{\"@type\":\"ListItem\",\"position\":2,\"name\":\"\u00a1Hola, mundo!\"}]},{\"@type\":\"WebSite\",\"@id\":\"https:\/\/www.adaviac.cat\/#website\",\"url\":\"https:\/\/www.adaviac.cat\/\",\"name\":\"Associaci\u00f3 d&#039;Advocats de V\u00edctimes de Catalunya\",\"description\":\"ADAVIAC: Associaci\u00f3 d&#039;Advocats de V\u00edctimes de Catalunya\",\"publisher\":{\"@id\":\"https:\/\/www.adaviac.cat\/#organization\"},\"potentialAction\":[{\"@type\":\"SearchAction\",\"target\":{\"@type\":\"EntryPoint\",\"urlTemplate\":\"https:\/\/www.adaviac.cat\/?s={search_term_string}\"},\"query-input\":{\"@type\":\"PropertyValueSpecification\",\"valueRequired\":true,\"valueName\":\"search_term_string\"}}],\"inLanguage\":\"es\"},{\"@type\":\"Organization\",\"@id\":\"https:\/\/www.adaviac.cat\/#organization\",\"name\":\"Associaci\u00f3 d&#039;Advocats de V\u00edctimes de Catalunya\",\"url\":\"https:\/\/www.adaviac.cat\/\",\"logo\":{\"@type\":\"ImageObject\",\"inLanguage\":\"es\",\"@id\":\"https:\/\/www.adaviac.cat\/#\/schema\/logo\/image\/\",\"url\":\"https:\/\/www.adaviac.cat\/wp-content\/uploads\/2023\/03\/LOGO-ADAVIAC.png\",\"contentUrl\":\"https:\/\/www.adaviac.cat\/wp-content\/uploads\/2023\/03\/LOGO-ADAVIAC.png\",\"width\":350,\"height\":100,\"caption\":\"Associaci\u00f3 d&#039;Advocats de V\u00edctimes de Catalunya\"},\"image\":{\"@id\":\"https:\/\/www.adaviac.cat\/#\/schema\/logo\/image\/\"}},{\"@type\":\"Person\",\"@id\":\"https:\/\/www.adaviac.cat\/#\/schema\/person\/c1c0e891e9975fccdc308595e6e23120\",\"name\":\"ADAVIAC\",\"sameAs\":[\"https:\/\/www.adaviac.cat\"],\"url\":\"https:\/\/www.adaviac.cat\/es\/author\/assad-v2023\/\"}]}<\/script>\n<!-- \/ Yoast SEO plugin. -->","yoast_head_json":{"title":"\u00a1Hola, mundo! - Associaci\u00f3 d&#039;Advocats de V\u00edctimes de Catalunya","robots":{"index":"index","follow":"follow","max-snippet":"max-snippet:-1","max-image-preview":"max-image-preview:large","max-video-preview":"max-video-preview:-1"},"canonical":"https:\/\/www.adaviac.cat\/es\/hola-mundo\/","og_locale":"es_ES","og_type":"article","og_title":"\u00a1Hola, mundo! - Associaci\u00f3 d&#039;Advocats de V\u00edctimes de Catalunya","og_description":"Te damos la bienvenida a WordPress. Esta es tu primera entrada. Ed\u00edtala o b\u00f3rrala, \u00a1luego empieza a escribir!","og_url":"https:\/\/www.adaviac.cat\/es\/hola-mundo\/","og_site_name":"Associaci\u00f3 d&#039;Advocats de V\u00edctimes de Catalunya","article_published_time":"2023-03-07T10:24:33+00:00","author":"ADAVIAC","twitter_card":"summary_large_image","twitter_misc":{"Escrito por":"ADAVIAC"},"schema":{"@context":"https:\/\/schema.org","@graph":[{"@type":"Article","@id":"https:\/\/www.adaviac.cat\/hola-mundo\/#article","isPartOf":{"@id":"https:\/\/www.adaviac.cat\/hola-mundo\/"},"author":{"name":"ADAVIAC","@id":"https:\/\/www.adaviac.cat\/#\/schema\/person\/c1c0e891e9975fccdc308595e6e23120"},"headline":"\u00a1Hola, mundo!","datePublished":"2023-03-07T10:24:33+00:00","mainEntityOfPage":{"@id":"https:\/\/www.adaviac.cat\/hola-mundo\/"},"wordCount":22,"commentCount":0,"publisher":{"@id":"https:\/\/www.adaviac.cat\/#organization"},"articleSection":["Varis Advocats de Catalunya"],"inLanguage":"es","potentialAction":[{"@type":"CommentAction","name":"Comment","target":["https:\/\/www.adaviac.cat\/hola-mundo\/#respond"]}]},{"@type":"WebPage","@id":"https:\/\/www.adaviac.cat\/hola-mundo\/","url":"https:\/\/www.adaviac.cat\/hola-mundo\/","name":"\u00a1Hola, mundo! - Associaci\u00f3 d&#039;Advocats de V\u00edctimes de Catalunya","isPartOf":{"@id":"https:\/\/www.adaviac.cat\/#website"},"datePublished":"2023-03-07T10:24:33+00:00","breadcrumb":{"@id":"https:\/\/www.adaviac.cat\/hola-mundo\/#breadcrumb"},"inLanguage":"es","potentialAction":[{"@type":"ReadAction","target":["https:\/\/www.adaviac.cat\/hola-mundo\/"]}]},{"@type":"BreadcrumbList","@id":"https:\/\/www.adaviac.cat\/hola-mundo\/#breadcrumb","itemListElement":[{"@type":"ListItem","position":1,"name":"Portada","item":"https:\/\/www.adaviac.cat\/"},{"@type":"ListItem","position":2,"name":"\u00a1Hola, mundo!"}]},{"@type":"WebSite","@id":"https:\/\/www.adaviac.cat\/#website","url":"https:\/\/www.adaviac.cat\/","name":"Associaci\u00f3 d&#039;Advocats de V\u00edctimes de Catalunya","description":"ADAVIAC: Associaci\u00f3 d&#039;Advocats de V\u00edctimes de Catalunya","publisher":{"@id":"https:\/\/www.adaviac.cat\/#organization"},"potentialAction":[{"@type":"SearchAction","target":{"@type":"EntryPoint","urlTemplate":"https:\/\/www.adaviac.cat\/?s={search_term_string}"},"query-input":{"@type":"PropertyValueSpecification","valueRequired":true,"valueName":"search_term_string"}}],"inLanguage":"es"},{"@type":"Organization","@id":"https:\/\/www.adaviac.cat\/#organization","name":"Associaci\u00f3 d&#039;Advocats de V\u00edctimes de Catalunya","url":"https:\/\/www.adaviac.cat\/","logo":{"@type":"ImageObject","inLanguage":"es","@id":"https:\/\/www.adaviac.cat\/#\/schema\/logo\/image\/","url":"https:\/\/www.adaviac.cat\/wp-content\/uploads\/2023\/03\/LOGO-ADAVIAC.png","contentUrl":"https:\/\/www.adaviac.cat\/wp-content\/uploads\/2023\/03\/LOGO-ADAVIAC.png","width":350,"height":100,"caption":"Associaci\u00f3 d&#039;Advocats de V\u00edctimes de Catalunya"},"image":{"@id":"https:\/\/www.adaviac.cat\/#\/schema\/logo\/image\/"}},{"@type":"Person","@id":"https:\/\/www.adaviac.cat\/#\/schema\/person\/c1c0e891e9975fccdc308595e6e23120","name":"ADAVIAC","sameAs":["https:\/\/www.adaviac.cat"],"url":"https:\/\/www.adaviac.cat\/es\/author\/assad-v2023\/"}]}},"_links":{"self":[{"href":"https:\/\/www.adaviac.cat\/es\/wp-json\/wp\/v2\/posts\/1","targetHints":{"allow":["GET"]}}],"collection":[{"href":"https:\/\/www.adaviac.cat\/es\/wp-json\/wp\/v2\/posts"}],"about":[{"href":"https:\/\/www.adaviac.cat\/es\/wp-json\/wp\/v2\/types\/post"}],"author":[{"embeddable":true,"href":"https:\/\/www.adaviac.cat\/es\/wp-json\/wp\/v2\/users\/1"}],"replies":[{"embeddable":true,"href":"https:\/\/www.adaviac.cat\/es\/wp-json\/wp\/v2\/comments?post=1"}],"version-history":[{"count":0,"href":"https:\/\/www.adaviac.cat\/es\/wp-json\/wp\/v2\/posts\/1\/revisions"}],"wp:attachment":[{"href":"https:\/\/www.adaviac.cat\/es\/wp-json\/wp\/v2\/media?parent=1"}],"wp:term":[{"taxonomy":"category","embeddable":true,"href":"https:\/\/www.adaviac.cat\/es\/wp-json\/wp\/v2\/categories?post=1"},{"taxonomy":"post_tag","embeddable":true,"href":"https:\/\/www.adaviac.cat\/es\/wp-json\/wp\/v2\/tags?post=1"}],"curies":[{"name":"wp","href":"https:\/\/api.w.org\/{rel}","templated":true}]}}